{"id":1587,"date":"2021-10-24T20:49:10","date_gmt":"2021-10-24T20:49:10","guid":{"rendered":"http:\/\/die-erle.de\/?p=1587"},"modified":"2021-10-24T20:51:03","modified_gmt":"2021-10-24T20:51:03","slug":"deutscher-tanzpreis-2021-verliehen","status":"publish","type":"post","link":"http:\/\/die-erle.de\/?p=1587","title":{"rendered":"DEUTSCHER TANZPREIS 2021 VERLIEHEN"},"content":{"rendered":"\n<p><strong>Heide-Marie H\u00e4rtel vom Deutschen&nbsp;Tanzfilminstitut Bremen ausgezeichnet \/ Ehrungen f\u00fcr Ursula Borrmann, Claire Cunnigham und Adil Laraki<\/strong><\/p>\n\n\n\n<p>Berlin\/Essen: Gestern, am Samstag, 23. Oktober 2021, wurde im Aalto-Theater Essen in einer feierlichen Tanz-Gala der Deutsche Tanzpreis 2021 verliehen \u2013 die h\u00f6chste Auszeichnung, die der Tanz in Deutschland zu vergeben hat.<\/p>\n\n\n\n<p>Die gestrige Gala pr\u00e4sentierte k\u00fcnstlerische Beitr\u00e4ge in Anlehnung an das t\u00e4nzerische Umfeld der Preistr\u00e4ger:innen und bot dem Publikum ein vielseitiges und einmaliges Programm. Zu den H\u00f6hepunkten des Abends geh\u00f6rte u. a. Reinhild Hoffmanns \u201eSolo mit Sofa\u201c, das die Choreografin selbst mit Ksenia Ovsyanick, Erster Solot\u00e4nzerin des Staatsballetts Berlin, einstudiert hat, sowie das Folkwang Tanzstudio mit Ausschnitten aus dem energiegeladenen \u201eAuftaucher\u201c der Choreografin Henrietta Horn,&nbsp;die von 1999 bis 2008 gemeinsam mit Pina Bausch die k\u00fcnstlerische Leitung des Folkwang Tanzstudios innehatte. Mit \u201e\u00c9coute &#8230; Chopin!\u201c (Ausschnitte) stand Susanne Linke mit einer Pr\u00e9lude von Chopin als Dank f\u00fcr die Preistr\u00e4gerin Heide-Marie H\u00e4rtel h\u00f6chstpers\u00f6nlich auf der B\u00fchne.&nbsp;<br>Das Aalto Ballett zeigte \u201cMany a Moon\u201d des Choreografen Armen Hakobyan, und das Stuttgarter Ballett das Spiegel-Pas-de-deux aus John Crankos ONEGIN.<\/p>\n\n\n\n<p>Da die Choreografin und Performerin Claire Cunningham aufgrund einer Gastspielreise nicht selbst mit einem ihrer St\u00fccke auf der B\u00fchne stehen konnte, wurde ihre Kunst mit Ausschnitten aus Aufzeichnungen von&nbsp;&#8222;Thank You Very Much&#8220;, &#8222;The Way You Look (at me) Tonight&#8220; und &#8222;Give Me A Reason to Live Evolution&#8220; gefeiert.&nbsp;<\/p>\n\n\n\n<p>Durch diesen beeindruckenden und besonderen Abend f\u00fchrte die WDR-Moderatorin Siham El-Maimouni.<\/p>\n\n\n\n<p>oon\u201d des Choreografen Armen Hakobyan, und das Stuttgarter Ballett das Spiegel-Pas-de-deux aus John Crankos ONEGIN.<\/p>\n\n\n\n<p>Da die Choreografin und Performerin Claire Cunningham aufgrund einer Gastspielreise nicht selbst mit einem ihrer St\u00fccke auf der B\u00fchne stehen konnte, wurde ihre Kunst mit Ausschnitten aus Aufzeichnungen von&nbsp;&#8222;Thank You Very Much&#8220;, &#8222;The Way You Look (at me) Tonight&#8220; und &#8222;Give Me A Reason to Live Evolution&#8220; gefeiert.&nbsp;<\/p>\n\n\n\n<p>Durch diesen beeindruckenden und besonderen Abend f\u00fchrte die WDR-Moderatorin Siham El-Maimouni.<\/p>\n\n\n\n<p>(\u00fc. Pm.)<\/p>\n","protected":false},"excerpt":{"rendered":"<p>Heide-Marie H\u00e4rtel vom Deutschen&nbsp;Tanzfilminstitut Bremen ausgezeichnet \/ Ehrungen f\u00fcr Ursula Borrmann, Claire Cunnigham und Adil Laraki Berlin\/Essen: Gestern, am Samstag, 23. Oktober 2021, wurde im Aalto-Theater Essen in einer feierlichen Tanz-Gala der Deutsche Tanzpreis 2021 verliehen \u2013 die h\u00f6chste Auszeichnung, die der Tanz in Deutschland zu vergeben hat. Die gestrige Gala pr\u00e4sentierte k\u00fcnstlerische Beitr\u00e4ge in [&hellip;]<\/p>\n","protected":false},"author":1,"featured_media":1588,"comment_status":"closed","ping_status":"closed","sticky":false,"template":"","format":"standard","meta":{"footnotes":""},"categories":[122,123],"tags":[],"jetpack_sharing_enabled":true,"jetpack_featured_media_url":"http:\/\/die-erle.de\/wp-content\/uploads\/2021\/10\/TanzpreisSolomitSofaFotoUrsulaKaufmann_33A8831-scaled.jpg","_links":{"self":[{"href":"http:\/\/die-erle.de\/index.php?rest_route=\/wp\/v2\/posts\/1587"}],"collection":[{"href":"http:\/\/die-erle.de\/index.php?rest_route=\/wp\/v2\/posts"}],"about":[{"href":"http:\/\/die-erle.de\/index.php?rest_route=\/wp\/v2\/types\/post"}],"author":[{"embeddable":true,"href":"http:\/\/die-erle.de\/index.php?rest_route=\/wp\/v2\/users\/1"}],"replies":[{"embeddable":true,"href":"http:\/\/die-erle.de\/index.php?rest_route=%2Fwp%2Fv2%2Fcomments&post=1587"}],"version-history":[{"count":2,"href":"http:\/\/die-erle.de\/index.php?rest_route=\/wp\/v2\/posts\/1587\/revisions"}],"predecessor-version":[{"id":1590,"href":"http:\/\/die-erle.de\/index.php?rest_route=\/wp\/v2\/posts\/1587\/revisions\/1590"}],"wp:featuredmedia":[{"embeddable":true,"href":"http:\/\/die-erle.de\/index.php?rest_route=\/wp\/v2\/media\/1588"}],"wp:attachment":[{"href":"http:\/\/die-erle.de\/index.php?rest_route=%2Fwp%2Fv2%2Fmedia&parent=1587"}],"wp:term":[{"taxonomy":"category","embeddable":true,"href":"http:\/\/die-erle.de\/index.php?rest_route=%2Fwp%2Fv2%2Fcategories&post=1587"},{"taxonomy":"post_tag","embeddable":true,"href":"http:\/\/die-erle.de\/index.php?rest_route=%2Fwp%2Fv2%2Ftags&post=1587"}],"curies":[{"name":"wp","href":"https:\/\/api.w.org\/{rel}","templated":true}]}}