{"id":1575,"date":"2021-06-06T19:47:13","date_gmt":"2021-06-06T19:47:13","guid":{"rendered":"http:\/\/die-erle.de\/?p=1575"},"modified":"2021-06-06T19:47:16","modified_gmt":"2021-06-06T19:47:16","slug":"sachsen-anhalt-ist-nicht-verloren","status":"publish","type":"post","link":"http:\/\/die-erle.de\/?p=1575","title":{"rendered":"Sachsen-Anhalt ist nicht verloren"},"content":{"rendered":"\n<p>Es war eine Wahl mit ungewissem Ausgang. Etwas resigniert f\u00fcrchteten die Altparteien das Ergebnis. W\u00fcrde der W\u00e4hler sich in die Arme der Extremisten werfen? Ist \u00fcberhaupt noch eine stabile demokratische Mitte zu finden? Die \u00dcberraschung zeigt einen politisch durchaus m\u00fcndigen B\u00fcrger. Ministerpr\u00e4sident Reiner Haseloff ging klar mit der Pr\u00e4misse in den Wahlkampf keine Zusammenarbeit mit den politischen R\u00e4ndern und der B\u00fcrger hat es erm\u00f6glicht. Haseloff hat nun die freie Wahl eine Koalition unterschiedlicher Struktur zu bilden. Entt\u00e4uschung nur dort, wo man \u00fcberschwengliche Hoffnungen pflegte. SPD und Linke verloren in der Gunst der W\u00e4hler ebenso wie die Gr\u00fcnen ihr selbst gestecktes Ziel nicht erreichten. Besonders bitter f\u00fcr eine SPD, die mit einem eigenen Kanzlerkandidaten ein Lehrst\u00fcck in Selbstwahrnehmung erlebte. Das schlechteste Ergebnis der Partei in diesem Land l\u00e4sst sich nicht durch die falsche Behauptung sch\u00f6nreden, dass der W\u00e4hler taktisch eben zu Haseloff geschwenkt sei. Die SPD hat nicht mehr die Substanz eine Volkspartei zu sein, denn ihr Klientel h\u00e4tte zur Verhinderung der Rechtsau\u00dfen gut die eigene Partei w\u00e4hlen k\u00f6nnen, da eine Koalition ohnehin denkbar war. Die vom Verfassungsschutz beobachtete AfD hat ihr Ziel ohnehin verfehlt, der Abstand zur CDU ist im Vergleich zu 2016 gr\u00f6\u00dfer geworden. Haseloff hat gute Chancen noch durch die Vernunft ansprechbare W\u00e4hler der Randpartei langfristig wieder aufzufangen. Der Wiedereinzug der FDP ist nicht verwunderlich, Coronapolitik und Klientelpolitik lie\u00dfen sich in Stimmen umm\u00fcnzen. F\u00fcr die SPD d\u00fcrfte Magdeburg aber eine traurige Vergewisserung sein, dass mit alten Strategien und Anbiederungen zwar Posten f\u00fcr etablierte Politiker kurzfristig zu sichern sind, was den engagierten W\u00e4hler aber eher zur Abkehr bewegt. Ein Weiterso k\u00e4me dem Untergang der Traditionspartei entgegen. Die Bundestagswahl im Herbst wird von der Selbstbestimmung der Parteien abh\u00e4ngen, politische Besitzst\u00e4nde werden in der modernen Gesellschaft keinen Platz mehr haben und Bundesthemen sind mit der kleinsten Kommunalproblematik genauso verbunden wie eine europ\u00e4ische Politik \u00fcber L\u00e4ndergrenzen hinaus. L\u00e4ngst werden Normen im europ\u00e4ischen Kontext gesetzt, wo Bund, Land und Kommune reaktiv den Kompass neu justieren m\u00fcssen. Oft zum Wohle des individuellen B\u00fcrgers, der \u00fcber die hergebrachten Parteistrukturen seinen Willen nur noch bedingt einbringen kann. Freuen darf sich das Land aber \u00fcber den m\u00fcndigen B\u00fcrger, der als Wechselw\u00e4hler seine Freiheit demonstriert und jede Verfilzung in alten Parteistrukturen die Stirn bieten kann.<\/p>\n\n\n\n<p>(stk.)<\/p>\n","protected":false},"excerpt":{"rendered":"<p>Es war eine Wahl mit ungewissem Ausgang. Etwas resigniert f\u00fcrchteten die Altparteien das Ergebnis. W\u00fcrde der W\u00e4hler sich in die Arme der Extremisten werfen? Ist \u00fcberhaupt noch eine stabile demokratische Mitte zu finden? Die \u00dcberraschung zeigt einen politisch durchaus m\u00fcndigen B\u00fcrger. Ministerpr\u00e4sident Reiner Haseloff ging klar mit der Pr\u00e4misse in den Wahlkampf keine Zusammenarbeit mit [&hellip;]<\/p>\n","protected":false},"author":1,"featured_media":0,"comment_status":"closed","ping_status":"closed","sticky":false,"template":"","format":"standard","meta":{"footnotes":""},"categories":[64,113],"tags":[],"jetpack_sharing_enabled":true,"jetpack_featured_media_url":"","_links":{"self":[{"href":"http:\/\/die-erle.de\/index.php?rest_route=\/wp\/v2\/posts\/1575"}],"collection":[{"href":"http:\/\/die-erle.de\/index.php?rest_route=\/wp\/v2\/posts"}],"about":[{"href":"http:\/\/die-erle.de\/index.php?rest_route=\/wp\/v2\/types\/post"}],"author":[{"embeddable":true,"href":"http:\/\/die-erle.de\/index.php?rest_route=\/wp\/v2\/users\/1"}],"replies":[{"embeddable":true,"href":"http:\/\/die-erle.de\/index.php?rest_route=%2Fwp%2Fv2%2Fcomments&post=1575"}],"version-history":[{"count":1,"href":"http:\/\/die-erle.de\/index.php?rest_route=\/wp\/v2\/posts\/1575\/revisions"}],"predecessor-version":[{"id":1576,"href":"http:\/\/die-erle.de\/index.php?rest_route=\/wp\/v2\/posts\/1575\/revisions\/1576"}],"wp:attachment":[{"href":"http:\/\/die-erle.de\/index.php?rest_route=%2Fwp%2Fv2%2Fmedia&parent=1575"}],"wp:term":[{"taxonomy":"category","embeddable":true,"href":"http:\/\/die-erle.de\/index.php?rest_route=%2Fwp%2Fv2%2Fcategories&post=1575"},{"taxonomy":"post_tag","embeddable":true,"href":"http:\/\/die-erle.de\/index.php?rest_route=%2Fwp%2Fv2%2Ftags&post=1575"}],"curies":[{"name":"wp","href":"https:\/\/api.w.org\/{rel}","templated":true}]}}